{"id":10185,"date":"2023-02-09T10:51:02","date_gmt":"2023-02-09T10:51:02","guid":{"rendered":"https:\/\/gfk-cfs.de\/?p=10185"},"modified":"2023-04-12T10:25:40","modified_gmt":"2023-04-12T10:25:40","slug":"finanzierung-der-transformation-und-die-rolle-von-verbriefungen-in-deutschland-und-europa","status":"publish","type":"post","link":"https:\/\/gfk-cfs.de\/en\/events\/event-archive\/2023\/finanzierung-der-transformation-und-die-rolle-von-verbriefungen-in-deutschland-und-europa\/","title":{"rendered":"Finanzierung der Transformation und die Rolle von Verbriefungen in Deutschland und Europa"},"content":{"rendered":"<p>Die nachhaltige Transformation der Wirtschaft ist ein hehres Ziel, das niemand ernsthaft in Frage stellt. Sustainable Finance zeichnet den Weg zu einer gew\u00fcnschten Lenkung der Finanzstr\u00f6me in nachhaltige Investitionen der Wirtschaft vor. Der Koalitionsvertrag der Bundesregierung gibt die Richtung vor \u2013 Mobilisierung von privatem Kapital ist als wesentlicher Baustein vorgesehen. Welchen Beitrag sollten und k\u00f6nnen Verbriefungen in diesem Kontext spielen, um die nachhaltige Transformation zu finanzieren? In welchem Ausma\u00df erweist sich das regulatorische Umfeld als Enabler f\u00fcr eine z\u00fcgige Transformation, oder sind Nachbesserungen n\u00f6tig?<\/p>\n<p>Die Fachtagung betrachtet diese und weitere Fragestellungen aus der Perspektive von Wissenschaft und Praxis.<\/p>\n<p><img decoding=\"async\" class=\"\" src=\"https:\/\/gfk-cfs.de\/media\/Foto-Konf.-TSI.png\" width=\"353\" height=\"235\" \/><\/p>\n<p><strong>Agenda<a href=\"https:\/\/gfk-cfs.de\/media\/Agenda_Stift_Facht_TSI_2023_03_28_neu.pdf\">&gt;&gt;&gt;<\/a><\/strong><\/p>\n<p><a href=\"https:\/\/www.sts-verification-international.com\/fileadmin\/Stiftungsprojekt_Kapitalmarktunion\/Dokumente\/Veranstaltungen\/Facht_2023_03_28_Finanzierung_der_Transformation_in_der_Rolle_von_Verbriefungen\/Fachpublikationen\/Stift_Fachpublikationen_CFS_2023_03_28.pdf\">&gt;&gt;Link\u00a0Fachpublikation<\/a><\/p>\n","protected":false},"excerpt":{"rendered":"<p>Die nachhaltige Transformation der Wirtschaft ist ein hehres Ziel, das [&hellip;]<\/p>\n","protected":false},"author":5,"featured_media":0,"comment_status":"open","ping_status":"open","sticky":false,"template":"","format":"standard","meta":{"_acf_changed":false,"inline_featured_image":false,"footnotes":"","_links_to":"","_links_to_target":""},"categories":[162],"tags":[],"acf":[],"yoast_head":"<!-- This site is optimized with the Yoast SEO plugin v22.8 - https:\/\/yoast.com\/wordpress\/plugins\/seo\/ -->\n<title>Finanzierung der Transformation und die Rolle von Verbriefungen in Deutschland und Europa - Center for Financial Studies<\/title>\n<meta name=\"robots\" content=\"index, follow, max-snippet:-1, max-image-preview:large, max-video-preview:-1\" \/>\n<link rel=\"canonical\" href=\"https:\/\/gfk-cfs.de\/en\/events\/event-archive\/2023\/finanzierung-der-transformation-und-die-rolle-von-verbriefungen-in-deutschland-und-europa\/\" \/>\n<meta property=\"og:locale\" content=\"en_US\" \/>\n<meta property=\"og:type\" content=\"article\" \/>\n<meta property=\"og:title\" content=\"Finanzierung der Transformation und die Rolle von Verbriefungen in Deutschland und Europa - Center for Financial Studies\" \/>\n<meta property=\"og:description\" content=\"Die nachhaltige Transformation der Wirtschaft ist ein hehres Ziel, das [&hellip;]\" \/>\n<meta property=\"og:url\" content=\"https:\/\/gfk-cfs.de\/en\/events\/event-archive\/2023\/finanzierung-der-transformation-und-die-rolle-von-verbriefungen-in-deutschland-und-europa\/\" \/>\n<meta property=\"og:site_name\" content=\"Center for Financial Studies\" \/>\n<meta property=\"article:published_time\" content=\"2023-02-09T10:51:02+00:00\" \/>\n<meta property=\"article:modified_time\" content=\"2023-04-12T10:25:40+00:00\" \/>\n<meta property=\"og:image\" content=\"https:\/\/gfk-cfs.de\/media\/Foto-Konf.-TSI.png\" \/>\n<meta name=\"author\" content=\"Ulrike Furchheim\" \/>\n<meta name=\"twitter:card\" content=\"summary_large_image\" \/>\n<meta name=\"twitter:label1\" content=\"Written by\" \/>\n\t<meta name=\"twitter:data1\" content=\"Ulrike Furchheim\" \/>\n\t<meta name=\"twitter:label2\" content=\"Est. reading time\" \/>\n\t<meta name=\"twitter:data2\" content=\"1 minute\" \/>\n<script type=\"application\/ld+json\" class=\"yoast-schema-graph\">{\"@context\":\"https:\/\/schema.org\",\"@graph\":[{\"@type\":\"WebPage\",\"@id\":\"https:\/\/gfk-cfs.de\/en\/events\/event-archive\/2023\/finanzierung-der-transformation-und-die-rolle-von-verbriefungen-in-deutschland-und-europa\/\",\"url\":\"https:\/\/gfk-cfs.de\/en\/events\/event-archive\/2023\/finanzierung-der-transformation-und-die-rolle-von-verbriefungen-in-deutschland-und-europa\/\",\"name\":\"Finanzierung der Transformation und die Rolle von Verbriefungen in Deutschland und Europa - Center for Financial Studies\",\"isPartOf\":{\"@id\":\"https:\/\/gfk-cfs.de\/en\/#website\"},\"primaryImageOfPage\":{\"@id\":\"https:\/\/gfk-cfs.de\/en\/events\/event-archive\/2023\/finanzierung-der-transformation-und-die-rolle-von-verbriefungen-in-deutschland-und-europa\/#primaryimage\"},\"image\":{\"@id\":\"https:\/\/gfk-cfs.de\/en\/events\/event-archive\/2023\/finanzierung-der-transformation-und-die-rolle-von-verbriefungen-in-deutschland-und-europa\/#primaryimage\"},\"thumbnailUrl\":\"https:\/\/gfk-cfs.de\/media\/Foto-Konf.-TSI.png\",\"datePublished\":\"2023-02-09T10:51:02+00:00\",\"dateModified\":\"2023-04-12T10:25:40+00:00\",\"author\":{\"@id\":\"https:\/\/gfk-cfs.de\/en\/#\/schema\/person\/f0882e1135c0d5e2334dc6dec2de9f9c\"},\"breadcrumb\":{\"@id\":\"https:\/\/gfk-cfs.de\/en\/events\/event-archive\/2023\/finanzierung-der-transformation-und-die-rolle-von-verbriefungen-in-deutschland-und-europa\/#breadcrumb\"},\"inLanguage\":\"en-US\",\"potentialAction\":[{\"@type\":\"ReadAction\",\"target\":[\"https:\/\/gfk-cfs.de\/en\/events\/event-archive\/2023\/finanzierung-der-transformation-und-die-rolle-von-verbriefungen-in-deutschland-und-europa\/\"]}]},{\"@type\":\"ImageObject\",\"inLanguage\":\"en-US\",\"@id\":\"https:\/\/gfk-cfs.de\/en\/events\/event-archive\/2023\/finanzierung-der-transformation-und-die-rolle-von-verbriefungen-in-deutschland-und-europa\/#primaryimage\",\"url\":\"https:\/\/gfk-cfs.de\/media\/Foto-Konf.-TSI.png\",\"contentUrl\":\"https:\/\/gfk-cfs.de\/media\/Foto-Konf.-TSI.png\"},{\"@type\":\"BreadcrumbList\",\"@id\":\"https:\/\/gfk-cfs.de\/en\/events\/event-archive\/2023\/finanzierung-der-transformation-und-die-rolle-von-verbriefungen-in-deutschland-und-europa\/#breadcrumb\",\"itemListElement\":[{\"@type\":\"ListItem\",\"position\":1,\"name\":\"Startseite\",\"item\":\"https:\/\/gfk-cfs.de\/en\/\"},{\"@type\":\"ListItem\",\"position\":2,\"name\":\"Finanzierung der Transformation und die Rolle von Verbriefungen in Deutschland und Europa\"}]},{\"@type\":\"WebSite\",\"@id\":\"https:\/\/gfk-cfs.de\/en\/#website\",\"url\":\"https:\/\/gfk-cfs.de\/en\/\",\"name\":\"Center for Financial Studies\",\"description\":\"unabh\u00e4ngige Forschung in wichtigen Bereichen der Finanzen\",\"potentialAction\":[{\"@type\":\"SearchAction\",\"target\":{\"@type\":\"EntryPoint\",\"urlTemplate\":\"https:\/\/gfk-cfs.de\/en\/?s={search_term_string}\"},\"query-input\":\"required name=search_term_string\"}],\"inLanguage\":\"en-US\"},{\"@type\":\"Person\",\"@id\":\"https:\/\/gfk-cfs.de\/en\/#\/schema\/person\/f0882e1135c0d5e2334dc6dec2de9f9c\",\"name\":\"Ulrike Furchheim\",\"url\":\"https:\/\/gfk-cfs.de\/en\/author\/furchheim\/\"}]}<\/script>\n<!-- \/ Yoast SEO plugin. -->","yoast_head_json":{"title":"Finanzierung der Transformation und die Rolle von Verbriefungen in Deutschland und Europa - Center for Financial Studies","robots":{"index":"index","follow":"follow","max-snippet":"max-snippet:-1","max-image-preview":"max-image-preview:large","max-video-preview":"max-video-preview:-1"},"canonical":"https:\/\/gfk-cfs.de\/en\/events\/event-archive\/2023\/finanzierung-der-transformation-und-die-rolle-von-verbriefungen-in-deutschland-und-europa\/","og_locale":"en_US","og_type":"article","og_title":"Finanzierung der Transformation und die Rolle von Verbriefungen in Deutschland und Europa - Center for Financial Studies","og_description":"Die nachhaltige Transformation der Wirtschaft ist ein hehres Ziel, das [&hellip;]","og_url":"https:\/\/gfk-cfs.de\/en\/events\/event-archive\/2023\/finanzierung-der-transformation-und-die-rolle-von-verbriefungen-in-deutschland-und-europa\/","og_site_name":"Center for Financial Studies","article_published_time":"2023-02-09T10:51:02+00:00","article_modified_time":"2023-04-12T10:25:40+00:00","og_image":[{"url":"https:\/\/gfk-cfs.de\/media\/Foto-Konf.-TSI.png"}],"author":"Ulrike Furchheim","twitter_card":"summary_large_image","twitter_misc":{"Written by":"Ulrike Furchheim","Est. reading time":"1 minute"},"schema":{"@context":"https:\/\/schema.org","@graph":[{"@type":"WebPage","@id":"https:\/\/gfk-cfs.de\/en\/events\/event-archive\/2023\/finanzierung-der-transformation-und-die-rolle-von-verbriefungen-in-deutschland-und-europa\/","url":"https:\/\/gfk-cfs.de\/en\/events\/event-archive\/2023\/finanzierung-der-transformation-und-die-rolle-von-verbriefungen-in-deutschland-und-europa\/","name":"Finanzierung der Transformation und die Rolle von Verbriefungen in Deutschland und Europa - Center for Financial Studies","isPartOf":{"@id":"https:\/\/gfk-cfs.de\/en\/#website"},"primaryImageOfPage":{"@id":"https:\/\/gfk-cfs.de\/en\/events\/event-archive\/2023\/finanzierung-der-transformation-und-die-rolle-von-verbriefungen-in-deutschland-und-europa\/#primaryimage"},"image":{"@id":"https:\/\/gfk-cfs.de\/en\/events\/event-archive\/2023\/finanzierung-der-transformation-und-die-rolle-von-verbriefungen-in-deutschland-und-europa\/#primaryimage"},"thumbnailUrl":"https:\/\/gfk-cfs.de\/media\/Foto-Konf.-TSI.png","datePublished":"2023-02-09T10:51:02+00:00","dateModified":"2023-04-12T10:25:40+00:00","author":{"@id":"https:\/\/gfk-cfs.de\/en\/#\/schema\/person\/f0882e1135c0d5e2334dc6dec2de9f9c"},"breadcrumb":{"@id":"https:\/\/gfk-cfs.de\/en\/events\/event-archive\/2023\/finanzierung-der-transformation-und-die-rolle-von-verbriefungen-in-deutschland-und-europa\/#breadcrumb"},"inLanguage":"en-US","potentialAction":[{"@type":"ReadAction","target":["https:\/\/gfk-cfs.de\/en\/events\/event-archive\/2023\/finanzierung-der-transformation-und-die-rolle-von-verbriefungen-in-deutschland-und-europa\/"]}]},{"@type":"ImageObject","inLanguage":"en-US","@id":"https:\/\/gfk-cfs.de\/en\/events\/event-archive\/2023\/finanzierung-der-transformation-und-die-rolle-von-verbriefungen-in-deutschland-und-europa\/#primaryimage","url":"https:\/\/gfk-cfs.de\/media\/Foto-Konf.-TSI.png","contentUrl":"https:\/\/gfk-cfs.de\/media\/Foto-Konf.-TSI.png"},{"@type":"BreadcrumbList","@id":"https:\/\/gfk-cfs.de\/en\/events\/event-archive\/2023\/finanzierung-der-transformation-und-die-rolle-von-verbriefungen-in-deutschland-und-europa\/#breadcrumb","itemListElement":[{"@type":"ListItem","position":1,"name":"Startseite","item":"https:\/\/gfk-cfs.de\/en\/"},{"@type":"ListItem","position":2,"name":"Finanzierung der Transformation und die Rolle von Verbriefungen in Deutschland und Europa"}]},{"@type":"WebSite","@id":"https:\/\/gfk-cfs.de\/en\/#website","url":"https:\/\/gfk-cfs.de\/en\/","name":"Center for Financial Studies","description":"unabh\u00e4ngige Forschung in wichtigen Bereichen der Finanzen","potentialAction":[{"@type":"SearchAction","target":{"@type":"EntryPoint","urlTemplate":"https:\/\/gfk-cfs.de\/en\/?s={search_term_string}"},"query-input":"required name=search_term_string"}],"inLanguage":"en-US"},{"@type":"Person","@id":"https:\/\/gfk-cfs.de\/en\/#\/schema\/person\/f0882e1135c0d5e2334dc6dec2de9f9c","name":"Ulrike Furchheim","url":"https:\/\/gfk-cfs.de\/en\/author\/furchheim\/"}]}},"_links":{"self":[{"href":"https:\/\/gfk-cfs.de\/en\/wp-json\/wp\/v2\/posts\/10185"}],"collection":[{"href":"https:\/\/gfk-cfs.de\/en\/wp-json\/wp\/v2\/posts"}],"about":[{"href":"https:\/\/gfk-cfs.de\/en\/wp-json\/wp\/v2\/types\/post"}],"author":[{"embeddable":true,"href":"https:\/\/gfk-cfs.de\/en\/wp-json\/wp\/v2\/users\/5"}],"replies":[{"embeddable":true,"href":"https:\/\/gfk-cfs.de\/en\/wp-json\/wp\/v2\/comments?post=10185"}],"version-history":[{"count":3,"href":"https:\/\/gfk-cfs.de\/en\/wp-json\/wp\/v2\/posts\/10185\/revisions"}],"predecessor-version":[{"id":10441,"href":"https:\/\/gfk-cfs.de\/en\/wp-json\/wp\/v2\/posts\/10185\/revisions\/10441"}],"wp:attachment":[{"href":"https:\/\/gfk-cfs.de\/en\/wp-json\/wp\/v2\/media?parent=10185"}],"wp:term":[{"taxonomy":"category","embeddable":true,"href":"https:\/\/gfk-cfs.de\/en\/wp-json\/wp\/v2\/categories?post=10185"},{"taxonomy":"post_tag","embeddable":true,"href":"https:\/\/gfk-cfs.de\/en\/wp-json\/wp\/v2\/tags?post=10185"}],"curies":[{"name":"wp","href":"https:\/\/api.w.org\/{rel}","templated":true}]}}