{"id":10685,"date":"2023-08-16T13:13:52","date_gmt":"2023-08-16T13:13:52","guid":{"rendered":"https:\/\/gfk-cfs.de\/?p=10685"},"modified":"2023-09-14T08:12:29","modified_gmt":"2023-09-14T08:12:29","slug":"dont-look-back-in-anger-europaeische-wirtschaft-zwischen-geldpolitik-und-drohender-rezession","status":"publish","type":"post","link":"https:\/\/gfk-cfs.de\/en\/events\/event-archive\/2023\/dont-look-back-in-anger-europaeische-wirtschaft-zwischen-geldpolitik-und-drohender-rezession\/","title":{"rendered":"Don\u2019t look back in anger: Europ\u00e4ische Wirtschaft zwischen Geldpolitik und drohender Rezession"},"content":{"rendered":"<p>Dr. Paul Berenberg-Gossler beleuchtet die gegenw\u00e4rtige wirtschaftliche Situation in Europa und Deutschland, gekennzeichnet durch uneinheitliches Wachstum, einen robusten Arbeitsmarkt und die anhaltende Diskrepanz zwischen Gesamtinflation und Kerninflation. Dabei liegt der Fokus auf der Europ\u00e4ischen Zentralbank (EZB) und ihren Herausforderungen, insbesondere in Bezug auf die treibenden Kr\u00e4fte der Inflation, die Wirksamkeit der geldpolitischen Kommunikation und die Auswirkungen auf Versicherungsunternehmen. Die Analyse umfasst empirische Ergebnisse aus EZB-Reden und deren Einfluss auf M\u00e4rkte, die fiskalpolitische Ausrichtung Europas sowie die langfristigen Auswirkungen auf die Versicherungsbranche angesichts der sich ver\u00e4ndernden Zinslandschaft und der Herausforderungen der gr\u00fcnen Transformation.<\/p>\n<p>Begr\u00fc\u00dfung: Prof. Dr. Rainer Klump, Direktor CFS und Goethe-Universit\u00e4t<\/p>\n<p>Moderation: Prof. Dr. Alexander Ludwig, ICIR und Goethe-Universit\u00e4t<\/p>\n","protected":false},"excerpt":{"rendered":"<p>Dr. Paul Berenberg-Gossler beleuchtet die gegenw\u00e4rtige wirtschaftliche Situation in Europa [&hellip;]<\/p>\n","protected":false},"author":5,"featured_media":0,"comment_status":"closed","ping_status":"open","sticky":false,"template":"","format":"standard","meta":{"_acf_changed":false,"inline_featured_image":false,"footnotes":"","_links_to":"","_links_to_target":""},"categories":[162],"tags":[],"acf":[],"yoast_head":"<!-- This site is optimized with the Yoast SEO plugin v22.8 - https:\/\/yoast.com\/wordpress\/plugins\/seo\/ -->\n<title>Don\u2019t look back in anger: Europ\u00e4ische Wirtschaft zwischen Geldpolitik und drohender Rezession - Center for Financial Studies<\/title>\n<meta name=\"robots\" content=\"index, follow, max-snippet:-1, max-image-preview:large, max-video-preview:-1\" \/>\n<link rel=\"canonical\" href=\"https:\/\/gfk-cfs.de\/en\/events\/event-archive\/2023\/dont-look-back-in-anger-europaeische-wirtschaft-zwischen-geldpolitik-und-drohender-rezession\/\" \/>\n<meta property=\"og:locale\" content=\"en_US\" \/>\n<meta property=\"og:type\" content=\"article\" \/>\n<meta property=\"og:title\" content=\"Don\u2019t look back in anger: Europ\u00e4ische Wirtschaft zwischen Geldpolitik und drohender Rezession - Center for Financial Studies\" \/>\n<meta property=\"og:description\" content=\"Dr. Paul Berenberg-Gossler beleuchtet die gegenw\u00e4rtige wirtschaftliche Situation in Europa [&hellip;]\" \/>\n<meta property=\"og:url\" content=\"https:\/\/gfk-cfs.de\/en\/events\/event-archive\/2023\/dont-look-back-in-anger-europaeische-wirtschaft-zwischen-geldpolitik-und-drohender-rezession\/\" \/>\n<meta property=\"og:site_name\" content=\"Center for Financial Studies\" \/>\n<meta property=\"article:published_time\" content=\"2023-08-16T13:13:52+00:00\" \/>\n<meta property=\"article:modified_time\" content=\"2023-09-14T08:12:29+00:00\" \/>\n<meta name=\"author\" content=\"Ulrike Furchheim\" \/>\n<meta name=\"twitter:card\" content=\"summary_large_image\" \/>\n<meta name=\"twitter:label1\" content=\"Written by\" \/>\n\t<meta name=\"twitter:data1\" content=\"Ulrike Furchheim\" \/>\n\t<meta name=\"twitter:label2\" content=\"Est. reading time\" \/>\n\t<meta name=\"twitter:data2\" content=\"1 minute\" \/>\n<script type=\"application\/ld+json\" class=\"yoast-schema-graph\">{\"@context\":\"https:\/\/schema.org\",\"@graph\":[{\"@type\":\"WebPage\",\"@id\":\"https:\/\/gfk-cfs.de\/en\/events\/event-archive\/2023\/dont-look-back-in-anger-europaeische-wirtschaft-zwischen-geldpolitik-und-drohender-rezession\/\",\"url\":\"https:\/\/gfk-cfs.de\/en\/events\/event-archive\/2023\/dont-look-back-in-anger-europaeische-wirtschaft-zwischen-geldpolitik-und-drohender-rezession\/\",\"name\":\"Don\u2019t look back in anger: Europ\u00e4ische Wirtschaft zwischen Geldpolitik und drohender Rezession - Center for Financial Studies\",\"isPartOf\":{\"@id\":\"https:\/\/gfk-cfs.de\/en\/#website\"},\"datePublished\":\"2023-08-16T13:13:52+00:00\",\"dateModified\":\"2023-09-14T08:12:29+00:00\",\"author\":{\"@id\":\"https:\/\/gfk-cfs.de\/en\/#\/schema\/person\/f0882e1135c0d5e2334dc6dec2de9f9c\"},\"breadcrumb\":{\"@id\":\"https:\/\/gfk-cfs.de\/en\/events\/event-archive\/2023\/dont-look-back-in-anger-europaeische-wirtschaft-zwischen-geldpolitik-und-drohender-rezession\/#breadcrumb\"},\"inLanguage\":\"en-US\",\"potentialAction\":[{\"@type\":\"ReadAction\",\"target\":[\"https:\/\/gfk-cfs.de\/en\/events\/event-archive\/2023\/dont-look-back-in-anger-europaeische-wirtschaft-zwischen-geldpolitik-und-drohender-rezession\/\"]}]},{\"@type\":\"BreadcrumbList\",\"@id\":\"https:\/\/gfk-cfs.de\/en\/events\/event-archive\/2023\/dont-look-back-in-anger-europaeische-wirtschaft-zwischen-geldpolitik-und-drohender-rezession\/#breadcrumb\",\"itemListElement\":[{\"@type\":\"ListItem\",\"position\":1,\"name\":\"Startseite\",\"item\":\"https:\/\/gfk-cfs.de\/en\/\"},{\"@type\":\"ListItem\",\"position\":2,\"name\":\"Don\u2019t look back in anger: Europ\u00e4ische Wirtschaft zwischen Geldpolitik und drohender Rezession\"}]},{\"@type\":\"WebSite\",\"@id\":\"https:\/\/gfk-cfs.de\/en\/#website\",\"url\":\"https:\/\/gfk-cfs.de\/en\/\",\"name\":\"Center for Financial Studies\",\"description\":\"unabh\u00e4ngige Forschung in wichtigen Bereichen der Finanzen\",\"potentialAction\":[{\"@type\":\"SearchAction\",\"target\":{\"@type\":\"EntryPoint\",\"urlTemplate\":\"https:\/\/gfk-cfs.de\/en\/?s={search_term_string}\"},\"query-input\":\"required name=search_term_string\"}],\"inLanguage\":\"en-US\"},{\"@type\":\"Person\",\"@id\":\"https:\/\/gfk-cfs.de\/en\/#\/schema\/person\/f0882e1135c0d5e2334dc6dec2de9f9c\",\"name\":\"Ulrike Furchheim\",\"url\":\"https:\/\/gfk-cfs.de\/en\/author\/furchheim\/\"}]}<\/script>\n<!-- \/ Yoast SEO plugin. -->","yoast_head_json":{"title":"Don\u2019t look back in anger: Europ\u00e4ische Wirtschaft zwischen Geldpolitik und drohender Rezession - Center for Financial Studies","robots":{"index":"index","follow":"follow","max-snippet":"max-snippet:-1","max-image-preview":"max-image-preview:large","max-video-preview":"max-video-preview:-1"},"canonical":"https:\/\/gfk-cfs.de\/en\/events\/event-archive\/2023\/dont-look-back-in-anger-europaeische-wirtschaft-zwischen-geldpolitik-und-drohender-rezession\/","og_locale":"en_US","og_type":"article","og_title":"Don\u2019t look back in anger: Europ\u00e4ische Wirtschaft zwischen Geldpolitik und drohender Rezession - Center for Financial Studies","og_description":"Dr. Paul Berenberg-Gossler beleuchtet die gegenw\u00e4rtige wirtschaftliche Situation in Europa [&hellip;]","og_url":"https:\/\/gfk-cfs.de\/en\/events\/event-archive\/2023\/dont-look-back-in-anger-europaeische-wirtschaft-zwischen-geldpolitik-und-drohender-rezession\/","og_site_name":"Center for Financial Studies","article_published_time":"2023-08-16T13:13:52+00:00","article_modified_time":"2023-09-14T08:12:29+00:00","author":"Ulrike Furchheim","twitter_card":"summary_large_image","twitter_misc":{"Written by":"Ulrike Furchheim","Est. reading time":"1 minute"},"schema":{"@context":"https:\/\/schema.org","@graph":[{"@type":"WebPage","@id":"https:\/\/gfk-cfs.de\/en\/events\/event-archive\/2023\/dont-look-back-in-anger-europaeische-wirtschaft-zwischen-geldpolitik-und-drohender-rezession\/","url":"https:\/\/gfk-cfs.de\/en\/events\/event-archive\/2023\/dont-look-back-in-anger-europaeische-wirtschaft-zwischen-geldpolitik-und-drohender-rezession\/","name":"Don\u2019t look back in anger: Europ\u00e4ische Wirtschaft zwischen Geldpolitik und drohender Rezession - Center for Financial Studies","isPartOf":{"@id":"https:\/\/gfk-cfs.de\/en\/#website"},"datePublished":"2023-08-16T13:13:52+00:00","dateModified":"2023-09-14T08:12:29+00:00","author":{"@id":"https:\/\/gfk-cfs.de\/en\/#\/schema\/person\/f0882e1135c0d5e2334dc6dec2de9f9c"},"breadcrumb":{"@id":"https:\/\/gfk-cfs.de\/en\/events\/event-archive\/2023\/dont-look-back-in-anger-europaeische-wirtschaft-zwischen-geldpolitik-und-drohender-rezession\/#breadcrumb"},"inLanguage":"en-US","potentialAction":[{"@type":"ReadAction","target":["https:\/\/gfk-cfs.de\/en\/events\/event-archive\/2023\/dont-look-back-in-anger-europaeische-wirtschaft-zwischen-geldpolitik-und-drohender-rezession\/"]}]},{"@type":"BreadcrumbList","@id":"https:\/\/gfk-cfs.de\/en\/events\/event-archive\/2023\/dont-look-back-in-anger-europaeische-wirtschaft-zwischen-geldpolitik-und-drohender-rezession\/#breadcrumb","itemListElement":[{"@type":"ListItem","position":1,"name":"Startseite","item":"https:\/\/gfk-cfs.de\/en\/"},{"@type":"ListItem","position":2,"name":"Don\u2019t look back in anger: Europ\u00e4ische Wirtschaft zwischen Geldpolitik und drohender Rezession"}]},{"@type":"WebSite","@id":"https:\/\/gfk-cfs.de\/en\/#website","url":"https:\/\/gfk-cfs.de\/en\/","name":"Center for Financial Studies","description":"unabh\u00e4ngige Forschung in wichtigen Bereichen der Finanzen","potentialAction":[{"@type":"SearchAction","target":{"@type":"EntryPoint","urlTemplate":"https:\/\/gfk-cfs.de\/en\/?s={search_term_string}"},"query-input":"required name=search_term_string"}],"inLanguage":"en-US"},{"@type":"Person","@id":"https:\/\/gfk-cfs.de\/en\/#\/schema\/person\/f0882e1135c0d5e2334dc6dec2de9f9c","name":"Ulrike Furchheim","url":"https:\/\/gfk-cfs.de\/en\/author\/furchheim\/"}]}},"_links":{"self":[{"href":"https:\/\/gfk-cfs.de\/en\/wp-json\/wp\/v2\/posts\/10685"}],"collection":[{"href":"https:\/\/gfk-cfs.de\/en\/wp-json\/wp\/v2\/posts"}],"about":[{"href":"https:\/\/gfk-cfs.de\/en\/wp-json\/wp\/v2\/types\/post"}],"author":[{"embeddable":true,"href":"https:\/\/gfk-cfs.de\/en\/wp-json\/wp\/v2\/users\/5"}],"replies":[{"embeddable":true,"href":"https:\/\/gfk-cfs.de\/en\/wp-json\/wp\/v2\/comments?post=10685"}],"version-history":[{"count":3,"href":"https:\/\/gfk-cfs.de\/en\/wp-json\/wp\/v2\/posts\/10685\/revisions"}],"predecessor-version":[{"id":10789,"href":"https:\/\/gfk-cfs.de\/en\/wp-json\/wp\/v2\/posts\/10685\/revisions\/10789"}],"wp:attachment":[{"href":"https:\/\/gfk-cfs.de\/en\/wp-json\/wp\/v2\/media?parent=10685"}],"wp:term":[{"taxonomy":"category","embeddable":true,"href":"https:\/\/gfk-cfs.de\/en\/wp-json\/wp\/v2\/categories?post=10685"},{"taxonomy":"post_tag","embeddable":true,"href":"https:\/\/gfk-cfs.de\/en\/wp-json\/wp\/v2\/tags?post=10685"}],"curies":[{"name":"wp","href":"https:\/\/api.w.org\/{rel}","templated":true}]}}