{"id":11026,"date":"2024-01-17T10:26:25","date_gmt":"2024-01-17T10:26:25","guid":{"rendered":"https:\/\/gfk-cfs.de\/?p=11026"},"modified":"2024-01-31T08:32:29","modified_gmt":"2024-01-31T08:32:29","slug":"konjunkturelle-vs-strukturelle-schwaeche-der-deutschen-wirtschaft","status":"publish","type":"post","link":"https:\/\/gfk-cfs.de\/en\/events\/event-archive\/2024\/konjunkturelle-vs-strukturelle-schwaeche-der-deutschen-wirtschaft\/","title":{"rendered":"Konjunkturelle vs. strukturelle Schw\u00e4che der deutschen Wirtschaft?"},"content":{"rendered":"<p>Die Wirtschaft in Deutschland befindet sich zur Jahreswende 2023\/2024 in einer ausgepr\u00e4gten Schw\u00e4chephase. Die Wirtschaftsleistung liegt zum Jahresende 2023 kaum h\u00f6her als Anfang 2020, zu Beginn der Coronakrise. Auch relativ zu den europ\u00e4ischen Nachbarl\u00e4ndern ist die Entwicklung unterdurchschnittlich. Das hat in den letzten Monaten zu einer Debatte gef\u00fchrt, ob Deutschland erneut \u201eder kranke Mann Europas\u201c ist. In diesem Vortrag sollen konjunkturelle und strukturelle Argumente f\u00fcr die aktuelle Wirtschaftsschw\u00e4che diskutiert und gegeneinander abgewogen werden.<\/p>\n<p>Moderation: <strong>Prof. Dr. Rainer Klump<\/strong>, Direktor CFS und Goethe-Universit\u00e4t Frankfurt<\/p>\n","protected":false},"excerpt":{"rendered":"<p>Die Wirtschaft in Deutschland befindet sich zur Jahreswende 2023\/2024 in [&hellip;]<\/p>\n","protected":false},"author":5,"featured_media":0,"comment_status":"closed","ping_status":"open","sticky":false,"template":"","format":"standard","meta":{"_acf_changed":false,"inline_featured_image":false,"footnotes":"","_links_to":"","_links_to_target":""},"categories":[163],"tags":[],"acf":[],"yoast_head":"<!-- This site is optimized with the Yoast SEO plugin v22.8 - https:\/\/yoast.com\/wordpress\/plugins\/seo\/ -->\n<title>Konjunkturelle vs. strukturelle Schw\u00e4che der deutschen Wirtschaft? - Center for Financial Studies<\/title>\n<meta name=\"robots\" content=\"index, follow, max-snippet:-1, max-image-preview:large, max-video-preview:-1\" \/>\n<link rel=\"canonical\" href=\"https:\/\/gfk-cfs.de\/en\/events\/event-archive\/2024\/konjunkturelle-vs-strukturelle-schwaeche-der-deutschen-wirtschaft\/\" \/>\n<meta property=\"og:locale\" content=\"en_US\" \/>\n<meta property=\"og:type\" content=\"article\" \/>\n<meta property=\"og:title\" content=\"Konjunkturelle vs. strukturelle Schw\u00e4che der deutschen Wirtschaft? - Center for Financial Studies\" \/>\n<meta property=\"og:description\" content=\"Die Wirtschaft in Deutschland befindet sich zur Jahreswende 2023\/2024 in [&hellip;]\" \/>\n<meta property=\"og:url\" content=\"https:\/\/gfk-cfs.de\/en\/events\/event-archive\/2024\/konjunkturelle-vs-strukturelle-schwaeche-der-deutschen-wirtschaft\/\" \/>\n<meta property=\"og:site_name\" content=\"Center for Financial Studies\" \/>\n<meta property=\"article:published_time\" content=\"2024-01-17T10:26:25+00:00\" \/>\n<meta property=\"article:modified_time\" content=\"2024-01-31T08:32:29+00:00\" \/>\n<meta name=\"author\" content=\"Ulrike Furchheim\" \/>\n<meta name=\"twitter:card\" content=\"summary_large_image\" \/>\n<meta name=\"twitter:label1\" content=\"Written by\" \/>\n\t<meta name=\"twitter:data1\" content=\"Ulrike Furchheim\" \/>\n\t<meta name=\"twitter:label2\" content=\"Est. reading time\" \/>\n\t<meta name=\"twitter:data2\" content=\"1 minute\" \/>\n<script type=\"application\/ld+json\" class=\"yoast-schema-graph\">{\"@context\":\"https:\/\/schema.org\",\"@graph\":[{\"@type\":\"WebPage\",\"@id\":\"https:\/\/gfk-cfs.de\/en\/events\/event-archive\/2024\/konjunkturelle-vs-strukturelle-schwaeche-der-deutschen-wirtschaft\/\",\"url\":\"https:\/\/gfk-cfs.de\/en\/events\/event-archive\/2024\/konjunkturelle-vs-strukturelle-schwaeche-der-deutschen-wirtschaft\/\",\"name\":\"Konjunkturelle vs. strukturelle Schw\u00e4che der deutschen Wirtschaft? - Center for Financial Studies\",\"isPartOf\":{\"@id\":\"https:\/\/gfk-cfs.de\/en\/#website\"},\"datePublished\":\"2024-01-17T10:26:25+00:00\",\"dateModified\":\"2024-01-31T08:32:29+00:00\",\"author\":{\"@id\":\"https:\/\/gfk-cfs.de\/en\/#\/schema\/person\/f0882e1135c0d5e2334dc6dec2de9f9c\"},\"breadcrumb\":{\"@id\":\"https:\/\/gfk-cfs.de\/en\/events\/event-archive\/2024\/konjunkturelle-vs-strukturelle-schwaeche-der-deutschen-wirtschaft\/#breadcrumb\"},\"inLanguage\":\"en-US\",\"potentialAction\":[{\"@type\":\"ReadAction\",\"target\":[\"https:\/\/gfk-cfs.de\/en\/events\/event-archive\/2024\/konjunkturelle-vs-strukturelle-schwaeche-der-deutschen-wirtschaft\/\"]}]},{\"@type\":\"BreadcrumbList\",\"@id\":\"https:\/\/gfk-cfs.de\/en\/events\/event-archive\/2024\/konjunkturelle-vs-strukturelle-schwaeche-der-deutschen-wirtschaft\/#breadcrumb\",\"itemListElement\":[{\"@type\":\"ListItem\",\"position\":1,\"name\":\"Startseite\",\"item\":\"https:\/\/gfk-cfs.de\/en\/\"},{\"@type\":\"ListItem\",\"position\":2,\"name\":\"Konjunkturelle vs. strukturelle Schw\u00e4che der deutschen Wirtschaft?\"}]},{\"@type\":\"WebSite\",\"@id\":\"https:\/\/gfk-cfs.de\/en\/#website\",\"url\":\"https:\/\/gfk-cfs.de\/en\/\",\"name\":\"Center for Financial Studies\",\"description\":\"unabh\u00e4ngige Forschung in wichtigen Bereichen der Finanzen\",\"potentialAction\":[{\"@type\":\"SearchAction\",\"target\":{\"@type\":\"EntryPoint\",\"urlTemplate\":\"https:\/\/gfk-cfs.de\/en\/?s={search_term_string}\"},\"query-input\":\"required name=search_term_string\"}],\"inLanguage\":\"en-US\"},{\"@type\":\"Person\",\"@id\":\"https:\/\/gfk-cfs.de\/en\/#\/schema\/person\/f0882e1135c0d5e2334dc6dec2de9f9c\",\"name\":\"Ulrike Furchheim\",\"url\":\"https:\/\/gfk-cfs.de\/en\/author\/furchheim\/\"}]}<\/script>\n<!-- \/ Yoast SEO plugin. -->","yoast_head_json":{"title":"Konjunkturelle vs. strukturelle Schw\u00e4che der deutschen Wirtschaft? - Center for Financial Studies","robots":{"index":"index","follow":"follow","max-snippet":"max-snippet:-1","max-image-preview":"max-image-preview:large","max-video-preview":"max-video-preview:-1"},"canonical":"https:\/\/gfk-cfs.de\/en\/events\/event-archive\/2024\/konjunkturelle-vs-strukturelle-schwaeche-der-deutschen-wirtschaft\/","og_locale":"en_US","og_type":"article","og_title":"Konjunkturelle vs. strukturelle Schw\u00e4che der deutschen Wirtschaft? - Center for Financial Studies","og_description":"Die Wirtschaft in Deutschland befindet sich zur Jahreswende 2023\/2024 in [&hellip;]","og_url":"https:\/\/gfk-cfs.de\/en\/events\/event-archive\/2024\/konjunkturelle-vs-strukturelle-schwaeche-der-deutschen-wirtschaft\/","og_site_name":"Center for Financial Studies","article_published_time":"2024-01-17T10:26:25+00:00","article_modified_time":"2024-01-31T08:32:29+00:00","author":"Ulrike Furchheim","twitter_card":"summary_large_image","twitter_misc":{"Written by":"Ulrike Furchheim","Est. reading time":"1 minute"},"schema":{"@context":"https:\/\/schema.org","@graph":[{"@type":"WebPage","@id":"https:\/\/gfk-cfs.de\/en\/events\/event-archive\/2024\/konjunkturelle-vs-strukturelle-schwaeche-der-deutschen-wirtschaft\/","url":"https:\/\/gfk-cfs.de\/en\/events\/event-archive\/2024\/konjunkturelle-vs-strukturelle-schwaeche-der-deutschen-wirtschaft\/","name":"Konjunkturelle vs. strukturelle Schw\u00e4che der deutschen Wirtschaft? - Center for Financial Studies","isPartOf":{"@id":"https:\/\/gfk-cfs.de\/en\/#website"},"datePublished":"2024-01-17T10:26:25+00:00","dateModified":"2024-01-31T08:32:29+00:00","author":{"@id":"https:\/\/gfk-cfs.de\/en\/#\/schema\/person\/f0882e1135c0d5e2334dc6dec2de9f9c"},"breadcrumb":{"@id":"https:\/\/gfk-cfs.de\/en\/events\/event-archive\/2024\/konjunkturelle-vs-strukturelle-schwaeche-der-deutschen-wirtschaft\/#breadcrumb"},"inLanguage":"en-US","potentialAction":[{"@type":"ReadAction","target":["https:\/\/gfk-cfs.de\/en\/events\/event-archive\/2024\/konjunkturelle-vs-strukturelle-schwaeche-der-deutschen-wirtschaft\/"]}]},{"@type":"BreadcrumbList","@id":"https:\/\/gfk-cfs.de\/en\/events\/event-archive\/2024\/konjunkturelle-vs-strukturelle-schwaeche-der-deutschen-wirtschaft\/#breadcrumb","itemListElement":[{"@type":"ListItem","position":1,"name":"Startseite","item":"https:\/\/gfk-cfs.de\/en\/"},{"@type":"ListItem","position":2,"name":"Konjunkturelle vs. strukturelle Schw\u00e4che der deutschen Wirtschaft?"}]},{"@type":"WebSite","@id":"https:\/\/gfk-cfs.de\/en\/#website","url":"https:\/\/gfk-cfs.de\/en\/","name":"Center for Financial Studies","description":"unabh\u00e4ngige Forschung in wichtigen Bereichen der Finanzen","potentialAction":[{"@type":"SearchAction","target":{"@type":"EntryPoint","urlTemplate":"https:\/\/gfk-cfs.de\/en\/?s={search_term_string}"},"query-input":"required name=search_term_string"}],"inLanguage":"en-US"},{"@type":"Person","@id":"https:\/\/gfk-cfs.de\/en\/#\/schema\/person\/f0882e1135c0d5e2334dc6dec2de9f9c","name":"Ulrike Furchheim","url":"https:\/\/gfk-cfs.de\/en\/author\/furchheim\/"}]}},"_links":{"self":[{"href":"https:\/\/gfk-cfs.de\/en\/wp-json\/wp\/v2\/posts\/11026"}],"collection":[{"href":"https:\/\/gfk-cfs.de\/en\/wp-json\/wp\/v2\/posts"}],"about":[{"href":"https:\/\/gfk-cfs.de\/en\/wp-json\/wp\/v2\/types\/post"}],"author":[{"embeddable":true,"href":"https:\/\/gfk-cfs.de\/en\/wp-json\/wp\/v2\/users\/5"}],"replies":[{"embeddable":true,"href":"https:\/\/gfk-cfs.de\/en\/wp-json\/wp\/v2\/comments?post=11026"}],"version-history":[{"count":3,"href":"https:\/\/gfk-cfs.de\/en\/wp-json\/wp\/v2\/posts\/11026\/revisions"}],"predecessor-version":[{"id":11043,"href":"https:\/\/gfk-cfs.de\/en\/wp-json\/wp\/v2\/posts\/11026\/revisions\/11043"}],"wp:attachment":[{"href":"https:\/\/gfk-cfs.de\/en\/wp-json\/wp\/v2\/media?parent=11026"}],"wp:term":[{"taxonomy":"category","embeddable":true,"href":"https:\/\/gfk-cfs.de\/en\/wp-json\/wp\/v2\/categories?post=11026"},{"taxonomy":"post_tag","embeddable":true,"href":"https:\/\/gfk-cfs.de\/en\/wp-json\/wp\/v2\/tags?post=11026"}],"curies":[{"name":"wp","href":"https:\/\/api.w.org\/{rel}","templated":true}]}}