{"id":3106,"date":"2022-03-30T12:42:18","date_gmt":"2022-03-30T12:42:18","guid":{"rendered":"https:\/\/gfk-cfs.de\/?p=3106"},"modified":"2022-08-02T09:41:42","modified_gmt":"2022-08-02T09:41:42","slug":"die-effekte-der-coronakrise-kurz-und-mittelfristig-schafft-deutschland-die-digitalisierung","status":"publish","type":"post","link":"https:\/\/gfk-cfs.de\/en\/events\/event-archive\/2021\/die-effekte-der-coronakrise-kurz-und-mittelfristig-schafft-deutschland-die-digitalisierung\/","title":{"rendered":"Die Effekte der Coronakrise kurz- und mittelfristig &#8211; schafft Deutschland die Digitalisierung?"},"content":{"rendered":"<h5>Die Veranstaltung auf<a href=\"https:\/\/www.youtube.com\/watch?v=a184v02sDUg\" target=\"_blank\" rel=\"noopener\">\u00a0Youtube<\/a><\/h5>\n<p class=\"bodytext\">In der Corona-Krise haben Digitalisierungsma\u00dfnahmen eine zentrale Rolle f\u00fcr die akute Krisenbew\u00e4ltigung der Unternehmen gespielt. Der mit der Pandemie ausgel\u00f6ste Schub war auch dringend notwendig, denn Deutschland liegt bei der Digitalisierung im europ\u00e4ischen Vergleich nur im Mittelfeld. Mit zunehmender Dauer der Krise belastet Corona jedoch diese Investitionen in die Wettbewerbsf\u00e4higkeit. Gerade Unternehmen mit Umsatzeinbu\u00dfen agieren bei der Digitalisierung zunehmend zur\u00fcckhaltender, kleine Mittelst\u00e4ndler fahren ihre Digitalisierungsaktivit\u00e4ten zur\u00fcck. Damit droht Corona die Kluft zwischen gro\u00dfen und kleinen Unternehmen weiter zu verst\u00e4rken. Gleichzeitig spielt Digitalisierung eine zentrale Rolle, um die deutsche Wirtschaft f\u00fcr den zuk\u00fcnftigen Wettbewerb zu r\u00fcsten. Denn Informationstechnik gewinnt eine immer gr\u00f6\u00dfere Bedeutung in den Herzst\u00fccken der deutschen Wirtschaft wie Kraftfahrzeugbau, Maschinenbau oder Chemie. Es wird allerdings nur dann gelingen, den Digitalisierungsschub von Corona in langfristige Wettbewerbsst\u00e4rken zu wandeln, wenn auch die notwendigen Voraussetzungen geschaffen werden. Dazu z\u00e4hlt in Deutschland vor allem das Schaffen digitaler Kompetenzen, denn es besteht erheblicher ungedeckter Bedarf an Fachkr\u00e4ften in diesem Bereich.<\/p>\n","protected":false},"excerpt":{"rendered":"<p>Die Veranstaltung auf\u00a0Youtube In der Corona-Krise haben Digitalisierungsma\u00dfnahmen eine zentrale [&hellip;]<\/p>\n","protected":false},"author":5,"featured_media":0,"comment_status":"open","ping_status":"open","sticky":false,"template":"","format":"standard","meta":{"_acf_changed":false,"inline_featured_image":false,"footnotes":"","_links_to":"","_links_to_target":""},"categories":[138],"tags":[],"acf":[],"yoast_head":"<!-- This site is optimized with the Yoast SEO plugin v22.8 - https:\/\/yoast.com\/wordpress\/plugins\/seo\/ -->\n<title>Die Effekte der Coronakrise kurz- und mittelfristig - schafft Deutschland die Digitalisierung? - Center for Financial Studies<\/title>\n<meta name=\"robots\" content=\"index, follow, max-snippet:-1, max-image-preview:large, max-video-preview:-1\" \/>\n<link rel=\"canonical\" href=\"https:\/\/gfk-cfs.de\/en\/events\/event-archive\/2021\/die-effekte-der-coronakrise-kurz-und-mittelfristig-schafft-deutschland-die-digitalisierung\/\" \/>\n<meta property=\"og:locale\" content=\"en_US\" \/>\n<meta property=\"og:type\" content=\"article\" \/>\n<meta property=\"og:title\" content=\"Die Effekte der Coronakrise kurz- und mittelfristig - schafft Deutschland die Digitalisierung? - Center for Financial Studies\" \/>\n<meta property=\"og:description\" content=\"Die Veranstaltung auf\u00a0Youtube In der Corona-Krise haben Digitalisierungsma\u00dfnahmen eine zentrale [&hellip;]\" \/>\n<meta property=\"og:url\" content=\"https:\/\/gfk-cfs.de\/en\/events\/event-archive\/2021\/die-effekte-der-coronakrise-kurz-und-mittelfristig-schafft-deutschland-die-digitalisierung\/\" \/>\n<meta property=\"og:site_name\" content=\"Center for Financial Studies\" \/>\n<meta property=\"article:published_time\" content=\"2022-03-30T12:42:18+00:00\" \/>\n<meta property=\"article:modified_time\" content=\"2022-08-02T09:41:42+00:00\" \/>\n<meta name=\"author\" content=\"Ulrike Furchheim\" \/>\n<meta name=\"twitter:card\" content=\"summary_large_image\" \/>\n<meta name=\"twitter:label1\" content=\"Written by\" \/>\n\t<meta name=\"twitter:data1\" content=\"Ulrike Furchheim\" \/>\n\t<meta name=\"twitter:label2\" content=\"Est. reading time\" \/>\n\t<meta name=\"twitter:data2\" content=\"1 minute\" \/>\n<script type=\"application\/ld+json\" class=\"yoast-schema-graph\">{\"@context\":\"https:\/\/schema.org\",\"@graph\":[{\"@type\":\"WebPage\",\"@id\":\"https:\/\/gfk-cfs.de\/en\/events\/event-archive\/2021\/die-effekte-der-coronakrise-kurz-und-mittelfristig-schafft-deutschland-die-digitalisierung\/\",\"url\":\"https:\/\/gfk-cfs.de\/en\/events\/event-archive\/2021\/die-effekte-der-coronakrise-kurz-und-mittelfristig-schafft-deutschland-die-digitalisierung\/\",\"name\":\"Die Effekte der Coronakrise kurz- und mittelfristig - schafft Deutschland die Digitalisierung? - Center for Financial Studies\",\"isPartOf\":{\"@id\":\"https:\/\/gfk-cfs.de\/en\/#website\"},\"datePublished\":\"2022-03-30T12:42:18+00:00\",\"dateModified\":\"2022-08-02T09:41:42+00:00\",\"author\":{\"@id\":\"https:\/\/gfk-cfs.de\/en\/#\/schema\/person\/f0882e1135c0d5e2334dc6dec2de9f9c\"},\"breadcrumb\":{\"@id\":\"https:\/\/gfk-cfs.de\/en\/events\/event-archive\/2021\/die-effekte-der-coronakrise-kurz-und-mittelfristig-schafft-deutschland-die-digitalisierung\/#breadcrumb\"},\"inLanguage\":\"en-US\",\"potentialAction\":[{\"@type\":\"ReadAction\",\"target\":[\"https:\/\/gfk-cfs.de\/en\/events\/event-archive\/2021\/die-effekte-der-coronakrise-kurz-und-mittelfristig-schafft-deutschland-die-digitalisierung\/\"]}]},{\"@type\":\"BreadcrumbList\",\"@id\":\"https:\/\/gfk-cfs.de\/en\/events\/event-archive\/2021\/die-effekte-der-coronakrise-kurz-und-mittelfristig-schafft-deutschland-die-digitalisierung\/#breadcrumb\",\"itemListElement\":[{\"@type\":\"ListItem\",\"position\":1,\"name\":\"Startseite\",\"item\":\"https:\/\/gfk-cfs.de\/en\/\"},{\"@type\":\"ListItem\",\"position\":2,\"name\":\"Die Effekte der Coronakrise kurz- und mittelfristig &#8211; schafft Deutschland die Digitalisierung?\"}]},{\"@type\":\"WebSite\",\"@id\":\"https:\/\/gfk-cfs.de\/en\/#website\",\"url\":\"https:\/\/gfk-cfs.de\/en\/\",\"name\":\"Center for Financial Studies\",\"description\":\"unabh\u00e4ngige Forschung in wichtigen Bereichen der Finanzen\",\"potentialAction\":[{\"@type\":\"SearchAction\",\"target\":{\"@type\":\"EntryPoint\",\"urlTemplate\":\"https:\/\/gfk-cfs.de\/en\/?s={search_term_string}\"},\"query-input\":\"required name=search_term_string\"}],\"inLanguage\":\"en-US\"},{\"@type\":\"Person\",\"@id\":\"https:\/\/gfk-cfs.de\/en\/#\/schema\/person\/f0882e1135c0d5e2334dc6dec2de9f9c\",\"name\":\"Ulrike Furchheim\",\"url\":\"https:\/\/gfk-cfs.de\/en\/author\/furchheim\/\"}]}<\/script>\n<!-- \/ Yoast SEO plugin. -->","yoast_head_json":{"title":"Die Effekte der Coronakrise kurz- und mittelfristig - schafft Deutschland die Digitalisierung? - Center for Financial Studies","robots":{"index":"index","follow":"follow","max-snippet":"max-snippet:-1","max-image-preview":"max-image-preview:large","max-video-preview":"max-video-preview:-1"},"canonical":"https:\/\/gfk-cfs.de\/en\/events\/event-archive\/2021\/die-effekte-der-coronakrise-kurz-und-mittelfristig-schafft-deutschland-die-digitalisierung\/","og_locale":"en_US","og_type":"article","og_title":"Die Effekte der Coronakrise kurz- und mittelfristig - schafft Deutschland die Digitalisierung? - Center for Financial Studies","og_description":"Die Veranstaltung auf\u00a0Youtube In der Corona-Krise haben Digitalisierungsma\u00dfnahmen eine zentrale [&hellip;]","og_url":"https:\/\/gfk-cfs.de\/en\/events\/event-archive\/2021\/die-effekte-der-coronakrise-kurz-und-mittelfristig-schafft-deutschland-die-digitalisierung\/","og_site_name":"Center for Financial Studies","article_published_time":"2022-03-30T12:42:18+00:00","article_modified_time":"2022-08-02T09:41:42+00:00","author":"Ulrike Furchheim","twitter_card":"summary_large_image","twitter_misc":{"Written by":"Ulrike Furchheim","Est. reading time":"1 minute"},"schema":{"@context":"https:\/\/schema.org","@graph":[{"@type":"WebPage","@id":"https:\/\/gfk-cfs.de\/en\/events\/event-archive\/2021\/die-effekte-der-coronakrise-kurz-und-mittelfristig-schafft-deutschland-die-digitalisierung\/","url":"https:\/\/gfk-cfs.de\/en\/events\/event-archive\/2021\/die-effekte-der-coronakrise-kurz-und-mittelfristig-schafft-deutschland-die-digitalisierung\/","name":"Die Effekte der Coronakrise kurz- und mittelfristig - schafft Deutschland die Digitalisierung? - Center for Financial Studies","isPartOf":{"@id":"https:\/\/gfk-cfs.de\/en\/#website"},"datePublished":"2022-03-30T12:42:18+00:00","dateModified":"2022-08-02T09:41:42+00:00","author":{"@id":"https:\/\/gfk-cfs.de\/en\/#\/schema\/person\/f0882e1135c0d5e2334dc6dec2de9f9c"},"breadcrumb":{"@id":"https:\/\/gfk-cfs.de\/en\/events\/event-archive\/2021\/die-effekte-der-coronakrise-kurz-und-mittelfristig-schafft-deutschland-die-digitalisierung\/#breadcrumb"},"inLanguage":"en-US","potentialAction":[{"@type":"ReadAction","target":["https:\/\/gfk-cfs.de\/en\/events\/event-archive\/2021\/die-effekte-der-coronakrise-kurz-und-mittelfristig-schafft-deutschland-die-digitalisierung\/"]}]},{"@type":"BreadcrumbList","@id":"https:\/\/gfk-cfs.de\/en\/events\/event-archive\/2021\/die-effekte-der-coronakrise-kurz-und-mittelfristig-schafft-deutschland-die-digitalisierung\/#breadcrumb","itemListElement":[{"@type":"ListItem","position":1,"name":"Startseite","item":"https:\/\/gfk-cfs.de\/en\/"},{"@type":"ListItem","position":2,"name":"Die Effekte der Coronakrise kurz- und mittelfristig &#8211; schafft Deutschland die Digitalisierung?"}]},{"@type":"WebSite","@id":"https:\/\/gfk-cfs.de\/en\/#website","url":"https:\/\/gfk-cfs.de\/en\/","name":"Center for Financial Studies","description":"unabh\u00e4ngige Forschung in wichtigen Bereichen der Finanzen","potentialAction":[{"@type":"SearchAction","target":{"@type":"EntryPoint","urlTemplate":"https:\/\/gfk-cfs.de\/en\/?s={search_term_string}"},"query-input":"required name=search_term_string"}],"inLanguage":"en-US"},{"@type":"Person","@id":"https:\/\/gfk-cfs.de\/en\/#\/schema\/person\/f0882e1135c0d5e2334dc6dec2de9f9c","name":"Ulrike Furchheim","url":"https:\/\/gfk-cfs.de\/en\/author\/furchheim\/"}]}},"_links":{"self":[{"href":"https:\/\/gfk-cfs.de\/en\/wp-json\/wp\/v2\/posts\/3106"}],"collection":[{"href":"https:\/\/gfk-cfs.de\/en\/wp-json\/wp\/v2\/posts"}],"about":[{"href":"https:\/\/gfk-cfs.de\/en\/wp-json\/wp\/v2\/types\/post"}],"author":[{"embeddable":true,"href":"https:\/\/gfk-cfs.de\/en\/wp-json\/wp\/v2\/users\/5"}],"replies":[{"embeddable":true,"href":"https:\/\/gfk-cfs.de\/en\/wp-json\/wp\/v2\/comments?post=3106"}],"version-history":[{"count":0,"href":"https:\/\/gfk-cfs.de\/en\/wp-json\/wp\/v2\/posts\/3106\/revisions"}],"wp:attachment":[{"href":"https:\/\/gfk-cfs.de\/en\/wp-json\/wp\/v2\/media?parent=3106"}],"wp:term":[{"taxonomy":"category","embeddable":true,"href":"https:\/\/gfk-cfs.de\/en\/wp-json\/wp\/v2\/categories?post=3106"},{"taxonomy":"post_tag","embeddable":true,"href":"https:\/\/gfk-cfs.de\/en\/wp-json\/wp\/v2\/tags?post=3106"}],"curies":[{"name":"wp","href":"https:\/\/api.w.org\/{rel}","templated":true}]}}