{"id":8898,"date":"2022-08-03T09:16:04","date_gmt":"2022-08-03T09:16:04","guid":{"rendered":"https:\/\/gfk-cfs.de\/?p=8898"},"modified":"2022-08-03T09:19:45","modified_gmt":"2022-08-03T09:19:45","slug":"die-kodierung-von-kapital-wie-das-recht-vermoegen-und-ungleichheit-schafft","status":"publish","type":"post","link":"https:\/\/gfk-cfs.de\/en\/events\/event-archive\/2019\/die-kodierung-von-kapital-wie-das-recht-vermoegen-und-ungleichheit-schafft\/","title":{"rendered":"Die Kodierung von Kapital: Wie das Recht Verm\u00f6gen und Ungleichheit schafft"},"content":{"rendered":"<p>&#8211; in Kooperation mit dem Institut f\u00fcr Bank- und Finanzgeschichte e.V.<\/p>\n<p>&#8220;Kapital verdankt seine F\u00e4higkeit, Verm\u00f6gen zu schaffen, seiner rechtlichen Kodierung. Ein einfaches Gut kann mit Hilfe weniger Attribute in ein Kapitalgut verwandelt werden: Priorit\u00e4t, Dauerhaftigkeit, Universalit\u00e4t, und Umwandelbarkeit. Priorit\u00e4t vermittelt einen h\u00f6heren Rang gegen\u00fcber anderen Anspr\u00fcchen; Dauerhaftigkeit verleiht diesen Anspr\u00fcchen Geltung in die Zukunft; Universalit\u00e4t stellt sicher, dass sie gegen jedermann durchsetzbar sind; und Umwandelbarkeit erlaubt es, Gewinne zu sichern, indem das Kapitalgut in Geld umgewandelt wird. Nur weniger rechtlicher Institutionen bedarf es, um ein einfaches Gut \u2013 ein St\u00fcck Land, einen Betrieb, ein Zahlungsversprechen oder eine Erfindung \u2013 in ein Kapitalgut zu verwandeln: Eigentums- und Kreditsicherungsrechte, Gesellschaftsrecht sowie \u201ecommon law trust\u201c, Konkursrecht, und nicht zuletzt Vertragsrecht.&#8221;<\/p>\n","protected":false},"excerpt":{"rendered":"<p>&#8211; in Kooperation mit dem Institut f\u00fcr Bank- und Finanzgeschichte [&hellip;]<\/p>\n","protected":false},"author":3,"featured_media":0,"comment_status":"open","ping_status":"open","sticky":false,"template":"","format":"standard","meta":{"_acf_changed":false,"inline_featured_image":false,"footnotes":"","_links_to":"","_links_to_target":""},"categories":[136],"tags":[],"acf":[],"yoast_head":"<!-- This site is optimized with the Yoast SEO plugin v22.8 - https:\/\/yoast.com\/wordpress\/plugins\/seo\/ -->\n<title>Die Kodierung von Kapital: Wie das Recht Verm\u00f6gen und Ungleichheit schafft - Center for Financial Studies<\/title>\n<meta name=\"robots\" content=\"index, follow, max-snippet:-1, max-image-preview:large, max-video-preview:-1\" \/>\n<link rel=\"canonical\" href=\"https:\/\/gfk-cfs.de\/en\/events\/event-archive\/2019\/die-kodierung-von-kapital-wie-das-recht-vermoegen-und-ungleichheit-schafft\/\" \/>\n<meta property=\"og:locale\" content=\"en_US\" \/>\n<meta property=\"og:type\" content=\"article\" \/>\n<meta property=\"og:title\" content=\"Die Kodierung von Kapital: Wie das Recht Verm\u00f6gen und Ungleichheit schafft - Center for Financial Studies\" \/>\n<meta property=\"og:description\" content=\"&#8211; in Kooperation mit dem Institut f\u00fcr Bank- und Finanzgeschichte [&hellip;]\" \/>\n<meta property=\"og:url\" content=\"https:\/\/gfk-cfs.de\/en\/events\/event-archive\/2019\/die-kodierung-von-kapital-wie-das-recht-vermoegen-und-ungleichheit-schafft\/\" \/>\n<meta property=\"og:site_name\" content=\"Center for Financial Studies\" \/>\n<meta property=\"article:published_time\" content=\"2022-08-03T09:16:04+00:00\" \/>\n<meta property=\"article:modified_time\" content=\"2022-08-03T09:19:45+00:00\" \/>\n<meta name=\"author\" content=\"Ursula Ma\u00dfner\" \/>\n<meta name=\"twitter:card\" content=\"summary_large_image\" \/>\n<meta name=\"twitter:label1\" content=\"Written by\" \/>\n\t<meta name=\"twitter:data1\" content=\"Ursula Ma\u00dfner\" \/>\n\t<meta name=\"twitter:label2\" content=\"Est. reading time\" \/>\n\t<meta name=\"twitter:data2\" content=\"1 minute\" \/>\n<script type=\"application\/ld+json\" class=\"yoast-schema-graph\">{\"@context\":\"https:\/\/schema.org\",\"@graph\":[{\"@type\":\"WebPage\",\"@id\":\"https:\/\/gfk-cfs.de\/en\/events\/event-archive\/2019\/die-kodierung-von-kapital-wie-das-recht-vermoegen-und-ungleichheit-schafft\/\",\"url\":\"https:\/\/gfk-cfs.de\/en\/events\/event-archive\/2019\/die-kodierung-von-kapital-wie-das-recht-vermoegen-und-ungleichheit-schafft\/\",\"name\":\"Die Kodierung von Kapital: Wie das Recht Verm\u00f6gen und Ungleichheit schafft - Center for Financial Studies\",\"isPartOf\":{\"@id\":\"https:\/\/gfk-cfs.de\/en\/#website\"},\"datePublished\":\"2022-08-03T09:16:04+00:00\",\"dateModified\":\"2022-08-03T09:19:45+00:00\",\"author\":{\"@id\":\"https:\/\/gfk-cfs.de\/en\/#\/schema\/person\/0e7dc105a330fdfad194ce290cdb306c\"},\"breadcrumb\":{\"@id\":\"https:\/\/gfk-cfs.de\/en\/events\/event-archive\/2019\/die-kodierung-von-kapital-wie-das-recht-vermoegen-und-ungleichheit-schafft\/#breadcrumb\"},\"inLanguage\":\"en-US\",\"potentialAction\":[{\"@type\":\"ReadAction\",\"target\":[\"https:\/\/gfk-cfs.de\/en\/events\/event-archive\/2019\/die-kodierung-von-kapital-wie-das-recht-vermoegen-und-ungleichheit-schafft\/\"]}]},{\"@type\":\"BreadcrumbList\",\"@id\":\"https:\/\/gfk-cfs.de\/en\/events\/event-archive\/2019\/die-kodierung-von-kapital-wie-das-recht-vermoegen-und-ungleichheit-schafft\/#breadcrumb\",\"itemListElement\":[{\"@type\":\"ListItem\",\"position\":1,\"name\":\"Startseite\",\"item\":\"https:\/\/gfk-cfs.de\/en\/\"},{\"@type\":\"ListItem\",\"position\":2,\"name\":\"Die Kodierung von Kapital: Wie das Recht Verm\u00f6gen und Ungleichheit schafft\"}]},{\"@type\":\"WebSite\",\"@id\":\"https:\/\/gfk-cfs.de\/en\/#website\",\"url\":\"https:\/\/gfk-cfs.de\/en\/\",\"name\":\"Center for Financial Studies\",\"description\":\"unabh\u00e4ngige Forschung in wichtigen Bereichen der Finanzen\",\"potentialAction\":[{\"@type\":\"SearchAction\",\"target\":{\"@type\":\"EntryPoint\",\"urlTemplate\":\"https:\/\/gfk-cfs.de\/en\/?s={search_term_string}\"},\"query-input\":\"required name=search_term_string\"}],\"inLanguage\":\"en-US\"},{\"@type\":\"Person\",\"@id\":\"https:\/\/gfk-cfs.de\/en\/#\/schema\/person\/0e7dc105a330fdfad194ce290cdb306c\",\"name\":\"Ursula Ma\u00dfner\",\"url\":\"https:\/\/gfk-cfs.de\/en\/author\/massner\/\"}]}<\/script>\n<!-- \/ Yoast SEO plugin. -->","yoast_head_json":{"title":"Die Kodierung von Kapital: Wie das Recht Verm\u00f6gen und Ungleichheit schafft - Center for Financial Studies","robots":{"index":"index","follow":"follow","max-snippet":"max-snippet:-1","max-image-preview":"max-image-preview:large","max-video-preview":"max-video-preview:-1"},"canonical":"https:\/\/gfk-cfs.de\/en\/events\/event-archive\/2019\/die-kodierung-von-kapital-wie-das-recht-vermoegen-und-ungleichheit-schafft\/","og_locale":"en_US","og_type":"article","og_title":"Die Kodierung von Kapital: Wie das Recht Verm\u00f6gen und Ungleichheit schafft - Center for Financial Studies","og_description":"&#8211; in Kooperation mit dem Institut f\u00fcr Bank- und Finanzgeschichte [&hellip;]","og_url":"https:\/\/gfk-cfs.de\/en\/events\/event-archive\/2019\/die-kodierung-von-kapital-wie-das-recht-vermoegen-und-ungleichheit-schafft\/","og_site_name":"Center for Financial Studies","article_published_time":"2022-08-03T09:16:04+00:00","article_modified_time":"2022-08-03T09:19:45+00:00","author":"Ursula Ma\u00dfner","twitter_card":"summary_large_image","twitter_misc":{"Written by":"Ursula Ma\u00dfner","Est. reading time":"1 minute"},"schema":{"@context":"https:\/\/schema.org","@graph":[{"@type":"WebPage","@id":"https:\/\/gfk-cfs.de\/en\/events\/event-archive\/2019\/die-kodierung-von-kapital-wie-das-recht-vermoegen-und-ungleichheit-schafft\/","url":"https:\/\/gfk-cfs.de\/en\/events\/event-archive\/2019\/die-kodierung-von-kapital-wie-das-recht-vermoegen-und-ungleichheit-schafft\/","name":"Die Kodierung von Kapital: Wie das Recht Verm\u00f6gen und Ungleichheit schafft - Center for Financial Studies","isPartOf":{"@id":"https:\/\/gfk-cfs.de\/en\/#website"},"datePublished":"2022-08-03T09:16:04+00:00","dateModified":"2022-08-03T09:19:45+00:00","author":{"@id":"https:\/\/gfk-cfs.de\/en\/#\/schema\/person\/0e7dc105a330fdfad194ce290cdb306c"},"breadcrumb":{"@id":"https:\/\/gfk-cfs.de\/en\/events\/event-archive\/2019\/die-kodierung-von-kapital-wie-das-recht-vermoegen-und-ungleichheit-schafft\/#breadcrumb"},"inLanguage":"en-US","potentialAction":[{"@type":"ReadAction","target":["https:\/\/gfk-cfs.de\/en\/events\/event-archive\/2019\/die-kodierung-von-kapital-wie-das-recht-vermoegen-und-ungleichheit-schafft\/"]}]},{"@type":"BreadcrumbList","@id":"https:\/\/gfk-cfs.de\/en\/events\/event-archive\/2019\/die-kodierung-von-kapital-wie-das-recht-vermoegen-und-ungleichheit-schafft\/#breadcrumb","itemListElement":[{"@type":"ListItem","position":1,"name":"Startseite","item":"https:\/\/gfk-cfs.de\/en\/"},{"@type":"ListItem","position":2,"name":"Die Kodierung von Kapital: Wie das Recht Verm\u00f6gen und Ungleichheit schafft"}]},{"@type":"WebSite","@id":"https:\/\/gfk-cfs.de\/en\/#website","url":"https:\/\/gfk-cfs.de\/en\/","name":"Center for Financial Studies","description":"unabh\u00e4ngige Forschung in wichtigen Bereichen der Finanzen","potentialAction":[{"@type":"SearchAction","target":{"@type":"EntryPoint","urlTemplate":"https:\/\/gfk-cfs.de\/en\/?s={search_term_string}"},"query-input":"required name=search_term_string"}],"inLanguage":"en-US"},{"@type":"Person","@id":"https:\/\/gfk-cfs.de\/en\/#\/schema\/person\/0e7dc105a330fdfad194ce290cdb306c","name":"Ursula Ma\u00dfner","url":"https:\/\/gfk-cfs.de\/en\/author\/massner\/"}]}},"_links":{"self":[{"href":"https:\/\/gfk-cfs.de\/en\/wp-json\/wp\/v2\/posts\/8898"}],"collection":[{"href":"https:\/\/gfk-cfs.de\/en\/wp-json\/wp\/v2\/posts"}],"about":[{"href":"https:\/\/gfk-cfs.de\/en\/wp-json\/wp\/v2\/types\/post"}],"author":[{"embeddable":true,"href":"https:\/\/gfk-cfs.de\/en\/wp-json\/wp\/v2\/users\/3"}],"replies":[{"embeddable":true,"href":"https:\/\/gfk-cfs.de\/en\/wp-json\/wp\/v2\/comments?post=8898"}],"version-history":[{"count":0,"href":"https:\/\/gfk-cfs.de\/en\/wp-json\/wp\/v2\/posts\/8898\/revisions"}],"wp:attachment":[{"href":"https:\/\/gfk-cfs.de\/en\/wp-json\/wp\/v2\/media?parent=8898"}],"wp:term":[{"taxonomy":"category","embeddable":true,"href":"https:\/\/gfk-cfs.de\/en\/wp-json\/wp\/v2\/categories?post=8898"},{"taxonomy":"post_tag","embeddable":true,"href":"https:\/\/gfk-cfs.de\/en\/wp-json\/wp\/v2\/tags?post=8898"}],"curies":[{"name":"wp","href":"https:\/\/api.w.org\/{rel}","templated":true}]}}