{"id":8968,"date":"2022-08-04T08:17:03","date_gmt":"2022-08-04T08:17:03","guid":{"rendered":"https:\/\/gfk-cfs.de\/?p=8968"},"modified":"2022-08-04T08:48:57","modified_gmt":"2022-08-04T08:48:57","slug":"der-deutsche-wohnungsmarkt-in-geschichte-und-gegenwart-eine-historisch-vergleichende-perspektive","status":"publish","type":"post","link":"https:\/\/gfk-cfs.de\/en\/events\/event-archive\/2019\/der-deutsche-wohnungsmarkt-in-geschichte-und-gegenwart-eine-historisch-vergleichende-perspektive\/","title":{"rendered":"Der deutsche Wohnungsmarkt in Geschichte und Gegenwart: eine historisch-vergleichende Perspektive"},"content":{"rendered":"<div class=\"fusion-fullwidth fullwidth-box fusion-builder-row-1 fusion-flex-container nonhundred-percent-fullwidth non-hundred-percent-height-scrolling\" style=\"--awb-border-radius-top-left:0px;--awb-border-radius-top-right:0px;--awb-border-radius-bottom-right:0px;--awb-border-radius-bottom-left:0px;--awb-flex-wrap:wrap;\" ><div class=\"fusion-builder-row fusion-row fusion-flex-align-items-flex-start fusion-flex-content-wrap\" style=\"max-width:1352px;margin-left: calc(-4% \/ 2 );margin-right: calc(-4% \/ 2 );\"><div class=\"fusion-layout-column fusion_builder_column fusion-builder-column-0 fusion_builder_column_1_1 1_1 fusion-flex-column\" style=\"--awb-bg-size:cover;--awb-width-large:100%;--awb-margin-top-large:0px;--awb-spacing-right-large:1.92%;--awb-margin-bottom-large:0px;--awb-spacing-left-large:1.92%;--awb-width-medium:100%;--awb-spacing-right-medium:1.92%;--awb-spacing-left-medium:1.92%;--awb-width-small:100%;--awb-spacing-right-small:1.92%;--awb-spacing-left-small:1.92%;\"><div class=\"fusion-column-wrapper fusion-flex-justify-content-flex-start fusion-content-layout-column\"><div class=\"fusion-text fusion-text-1\"><p class=\"bodytext\">&#8211;\u00a0in Kooperation mit dem Institut f\u00fcr Bank- und Finanzgeschichte e.V.<\/p>\n<p class=\"bodytext\">Lange Zeit fand das Wohnungsthema in Politik, Medien und Wissenschaft kaum Beachtung, bis der anhaltende Hauspreisboom die Wohnungsfrage f\u00fcr viele zu der neuen sozialen Frage machte. Dieser Boom trifft insbesondere auch als Boom von Mietpreisen auf deutsche St\u00e4dte, die international noch immer durch ihren hohen Mieteranteil herausstechen. Der Vortrag wird zun\u00e4chst historisch-vergleichend einige Ursachen daf\u00fcr anf\u00fchren, warum deutsche St\u00e4dte bis heute Mieterst\u00e4dte geblieben sind. Neben st\u00e4dtebaulichen und hypothekarinstitutionellen Ursachen sind insbesondere auch die Abwesenheit einer starken Eigenheimpolitik und die Mietgesetzgebung wichtige Faktoren. Im Weiteren analysiert der Vortrag den anhaltenden Immobilienboom in den deutschen Mieterst\u00e4dten genauer und stellt dar, wie Haushaltsverm\u00f6gen zugunsten von Eigent\u00fcmerhaushalten explodierten und Wohnen zu einer neuen Dimension sozialer Ungleichheit wurde.<\/p>\n<p class=\"bodytext\">Sebastian Kohl&#8217;s Forschungsschwerpunkte sind Wohnungs- und Versicherungsm\u00e4rkte in historischer und l\u00e4ndervergleichender Perspektive. 2017 erschien sein Buch \u201eHomeownership, Renting and Society: Historical and Comparative Perspectives.&#8221;<\/p>\n<\/div><\/div><\/div><\/div><\/div>\n<p>Link zur Pr\u00e4sentation <a href=\"https:\/\/gfk-cfs.de\/media\/Kohl-Frankfurt-Vortrag-2.pdf\">&gt;&gt;&gt;<\/a><\/p>\n","protected":false},"excerpt":{"rendered":"<p>Link zur Pr\u00e4sentation &gt;&gt;&gt;<\/p>\n","protected":false},"author":3,"featured_media":0,"comment_status":"open","ping_status":"open","sticky":false,"template":"","format":"standard","meta":{"_acf_changed":false,"inline_featured_image":false,"footnotes":"","_links_to":"","_links_to_target":""},"categories":[136],"tags":[],"acf":[],"yoast_head":"<!-- This site is optimized with the Yoast SEO plugin v22.8 - https:\/\/yoast.com\/wordpress\/plugins\/seo\/ -->\n<title>Der deutsche Wohnungsmarkt in Geschichte und Gegenwart: eine historisch-vergleichende Perspektive - Center for Financial Studies<\/title>\n<meta name=\"robots\" content=\"index, follow, max-snippet:-1, max-image-preview:large, max-video-preview:-1\" \/>\n<link rel=\"canonical\" href=\"https:\/\/gfk-cfs.de\/en\/events\/event-archive\/2019\/der-deutsche-wohnungsmarkt-in-geschichte-und-gegenwart-eine-historisch-vergleichende-perspektive\/\" \/>\n<meta property=\"og:locale\" content=\"en_US\" \/>\n<meta property=\"og:type\" content=\"article\" \/>\n<meta property=\"og:title\" content=\"Der deutsche Wohnungsmarkt in Geschichte und Gegenwart: eine historisch-vergleichende Perspektive - Center for Financial Studies\" \/>\n<meta property=\"og:description\" content=\"Link zur Pr\u00e4sentation &gt;&gt;&gt;\" \/>\n<meta property=\"og:url\" content=\"https:\/\/gfk-cfs.de\/en\/events\/event-archive\/2019\/der-deutsche-wohnungsmarkt-in-geschichte-und-gegenwart-eine-historisch-vergleichende-perspektive\/\" \/>\n<meta property=\"og:site_name\" content=\"Center for Financial Studies\" \/>\n<meta property=\"article:published_time\" content=\"2022-08-04T08:17:03+00:00\" \/>\n<meta property=\"article:modified_time\" content=\"2022-08-04T08:48:57+00:00\" \/>\n<meta name=\"author\" content=\"Ursula Ma\u00dfner\" \/>\n<meta name=\"twitter:card\" content=\"summary_large_image\" \/>\n<meta name=\"twitter:label1\" content=\"Written by\" \/>\n\t<meta name=\"twitter:data1\" content=\"Ursula Ma\u00dfner\" \/>\n\t<meta name=\"twitter:label2\" content=\"Est. reading time\" \/>\n\t<meta name=\"twitter:data2\" content=\"2 minutes\" \/>\n<script type=\"application\/ld+json\" class=\"yoast-schema-graph\">{\"@context\":\"https:\/\/schema.org\",\"@graph\":[{\"@type\":\"WebPage\",\"@id\":\"https:\/\/gfk-cfs.de\/en\/events\/event-archive\/2019\/der-deutsche-wohnungsmarkt-in-geschichte-und-gegenwart-eine-historisch-vergleichende-perspektive\/\",\"url\":\"https:\/\/gfk-cfs.de\/en\/events\/event-archive\/2019\/der-deutsche-wohnungsmarkt-in-geschichte-und-gegenwart-eine-historisch-vergleichende-perspektive\/\",\"name\":\"Der deutsche Wohnungsmarkt in Geschichte und Gegenwart: eine historisch-vergleichende Perspektive - Center for Financial Studies\",\"isPartOf\":{\"@id\":\"https:\/\/gfk-cfs.de\/en\/#website\"},\"datePublished\":\"2022-08-04T08:17:03+00:00\",\"dateModified\":\"2022-08-04T08:48:57+00:00\",\"author\":{\"@id\":\"https:\/\/gfk-cfs.de\/en\/#\/schema\/person\/0e7dc105a330fdfad194ce290cdb306c\"},\"breadcrumb\":{\"@id\":\"https:\/\/gfk-cfs.de\/en\/events\/event-archive\/2019\/der-deutsche-wohnungsmarkt-in-geschichte-und-gegenwart-eine-historisch-vergleichende-perspektive\/#breadcrumb\"},\"inLanguage\":\"en-US\",\"potentialAction\":[{\"@type\":\"ReadAction\",\"target\":[\"https:\/\/gfk-cfs.de\/en\/events\/event-archive\/2019\/der-deutsche-wohnungsmarkt-in-geschichte-und-gegenwart-eine-historisch-vergleichende-perspektive\/\"]}]},{\"@type\":\"BreadcrumbList\",\"@id\":\"https:\/\/gfk-cfs.de\/en\/events\/event-archive\/2019\/der-deutsche-wohnungsmarkt-in-geschichte-und-gegenwart-eine-historisch-vergleichende-perspektive\/#breadcrumb\",\"itemListElement\":[{\"@type\":\"ListItem\",\"position\":1,\"name\":\"Startseite\",\"item\":\"https:\/\/gfk-cfs.de\/en\/\"},{\"@type\":\"ListItem\",\"position\":2,\"name\":\"Der deutsche Wohnungsmarkt in Geschichte und Gegenwart: eine historisch-vergleichende Perspektive\"}]},{\"@type\":\"WebSite\",\"@id\":\"https:\/\/gfk-cfs.de\/en\/#website\",\"url\":\"https:\/\/gfk-cfs.de\/en\/\",\"name\":\"Center for Financial Studies\",\"description\":\"unabh\u00e4ngige Forschung in wichtigen Bereichen der Finanzen\",\"potentialAction\":[{\"@type\":\"SearchAction\",\"target\":{\"@type\":\"EntryPoint\",\"urlTemplate\":\"https:\/\/gfk-cfs.de\/en\/?s={search_term_string}\"},\"query-input\":\"required name=search_term_string\"}],\"inLanguage\":\"en-US\"},{\"@type\":\"Person\",\"@id\":\"https:\/\/gfk-cfs.de\/en\/#\/schema\/person\/0e7dc105a330fdfad194ce290cdb306c\",\"name\":\"Ursula Ma\u00dfner\",\"url\":\"https:\/\/gfk-cfs.de\/en\/author\/massner\/\"}]}<\/script>\n<!-- \/ Yoast SEO plugin. -->","yoast_head_json":{"title":"Der deutsche Wohnungsmarkt in Geschichte und Gegenwart: eine historisch-vergleichende Perspektive - Center for Financial Studies","robots":{"index":"index","follow":"follow","max-snippet":"max-snippet:-1","max-image-preview":"max-image-preview:large","max-video-preview":"max-video-preview:-1"},"canonical":"https:\/\/gfk-cfs.de\/en\/events\/event-archive\/2019\/der-deutsche-wohnungsmarkt-in-geschichte-und-gegenwart-eine-historisch-vergleichende-perspektive\/","og_locale":"en_US","og_type":"article","og_title":"Der deutsche Wohnungsmarkt in Geschichte und Gegenwart: eine historisch-vergleichende Perspektive - Center for Financial Studies","og_description":"Link zur Pr\u00e4sentation &gt;&gt;&gt;","og_url":"https:\/\/gfk-cfs.de\/en\/events\/event-archive\/2019\/der-deutsche-wohnungsmarkt-in-geschichte-und-gegenwart-eine-historisch-vergleichende-perspektive\/","og_site_name":"Center for Financial Studies","article_published_time":"2022-08-04T08:17:03+00:00","article_modified_time":"2022-08-04T08:48:57+00:00","author":"Ursula Ma\u00dfner","twitter_card":"summary_large_image","twitter_misc":{"Written by":"Ursula Ma\u00dfner","Est. reading time":"2 minutes"},"schema":{"@context":"https:\/\/schema.org","@graph":[{"@type":"WebPage","@id":"https:\/\/gfk-cfs.de\/en\/events\/event-archive\/2019\/der-deutsche-wohnungsmarkt-in-geschichte-und-gegenwart-eine-historisch-vergleichende-perspektive\/","url":"https:\/\/gfk-cfs.de\/en\/events\/event-archive\/2019\/der-deutsche-wohnungsmarkt-in-geschichte-und-gegenwart-eine-historisch-vergleichende-perspektive\/","name":"Der deutsche Wohnungsmarkt in Geschichte und Gegenwart: eine historisch-vergleichende Perspektive - Center for Financial Studies","isPartOf":{"@id":"https:\/\/gfk-cfs.de\/en\/#website"},"datePublished":"2022-08-04T08:17:03+00:00","dateModified":"2022-08-04T08:48:57+00:00","author":{"@id":"https:\/\/gfk-cfs.de\/en\/#\/schema\/person\/0e7dc105a330fdfad194ce290cdb306c"},"breadcrumb":{"@id":"https:\/\/gfk-cfs.de\/en\/events\/event-archive\/2019\/der-deutsche-wohnungsmarkt-in-geschichte-und-gegenwart-eine-historisch-vergleichende-perspektive\/#breadcrumb"},"inLanguage":"en-US","potentialAction":[{"@type":"ReadAction","target":["https:\/\/gfk-cfs.de\/en\/events\/event-archive\/2019\/der-deutsche-wohnungsmarkt-in-geschichte-und-gegenwart-eine-historisch-vergleichende-perspektive\/"]}]},{"@type":"BreadcrumbList","@id":"https:\/\/gfk-cfs.de\/en\/events\/event-archive\/2019\/der-deutsche-wohnungsmarkt-in-geschichte-und-gegenwart-eine-historisch-vergleichende-perspektive\/#breadcrumb","itemListElement":[{"@type":"ListItem","position":1,"name":"Startseite","item":"https:\/\/gfk-cfs.de\/en\/"},{"@type":"ListItem","position":2,"name":"Der deutsche Wohnungsmarkt in Geschichte und Gegenwart: eine historisch-vergleichende Perspektive"}]},{"@type":"WebSite","@id":"https:\/\/gfk-cfs.de\/en\/#website","url":"https:\/\/gfk-cfs.de\/en\/","name":"Center for Financial Studies","description":"unabh\u00e4ngige Forschung in wichtigen Bereichen der Finanzen","potentialAction":[{"@type":"SearchAction","target":{"@type":"EntryPoint","urlTemplate":"https:\/\/gfk-cfs.de\/en\/?s={search_term_string}"},"query-input":"required name=search_term_string"}],"inLanguage":"en-US"},{"@type":"Person","@id":"https:\/\/gfk-cfs.de\/en\/#\/schema\/person\/0e7dc105a330fdfad194ce290cdb306c","name":"Ursula Ma\u00dfner","url":"https:\/\/gfk-cfs.de\/en\/author\/massner\/"}]}},"_links":{"self":[{"href":"https:\/\/gfk-cfs.de\/en\/wp-json\/wp\/v2\/posts\/8968"}],"collection":[{"href":"https:\/\/gfk-cfs.de\/en\/wp-json\/wp\/v2\/posts"}],"about":[{"href":"https:\/\/gfk-cfs.de\/en\/wp-json\/wp\/v2\/types\/post"}],"author":[{"embeddable":true,"href":"https:\/\/gfk-cfs.de\/en\/wp-json\/wp\/v2\/users\/3"}],"replies":[{"embeddable":true,"href":"https:\/\/gfk-cfs.de\/en\/wp-json\/wp\/v2\/comments?post=8968"}],"version-history":[{"count":0,"href":"https:\/\/gfk-cfs.de\/en\/wp-json\/wp\/v2\/posts\/8968\/revisions"}],"wp:attachment":[{"href":"https:\/\/gfk-cfs.de\/en\/wp-json\/wp\/v2\/media?parent=8968"}],"wp:term":[{"taxonomy":"category","embeddable":true,"href":"https:\/\/gfk-cfs.de\/en\/wp-json\/wp\/v2\/categories?post=8968"},{"taxonomy":"post_tag","embeddable":true,"href":"https:\/\/gfk-cfs.de\/en\/wp-json\/wp\/v2\/tags?post=8968"}],"curies":[{"name":"wp","href":"https:\/\/api.w.org\/{rel}","templated":true}]}}